{"id":1435,"date":"2020-11-13T10:39:46","date_gmt":"2020-11-13T08:39:46","guid":{"rendered":"http:\/\/hgv-bordesholm.de.w01c4eb1.kasserver.com\/?p=1435"},"modified":"2023-01-03T11:04:08","modified_gmt":"2023-01-03T09:04:08","slug":"dankeschoen-wochenmarkttag-am-21-11-2020","status":"publish","type":"post","link":"https:\/\/hgv-bordesholm.de\/index.php\/dankeschoen-wochenmarkttag-am-21-11-2020\/","title":{"rendered":"Dankesch\u00f6n-Wochenmarkttag am 21.11.2020"},"content":{"rendered":"<p>[et_pb_section fb_built=&#8220;1&#8243; admin_label=&#8220;section&#8220; _builder_version=&#8220;4.16&#8243; global_colors_info=&#8220;{}&#8220;][et_pb_row column_structure=&#8220;1_2,1_2&#8243; admin_label=&#8220;row&#8220; _builder_version=&#8220;4.16&#8243; background_size=&#8220;initial&#8220; background_position=&#8220;top_left&#8220; background_repeat=&#8220;repeat&#8220; global_colors_info=&#8220;{}&#8220;][et_pb_column type=&#8220;1_2&#8243; _builder_version=&#8220;4.16&#8243; custom_padding=&#8220;|||&#8220; global_colors_info=&#8220;{}&#8220; custom_padding__hover=&#8220;|||&#8220;][et_pb_image src=&#8220;https:\/\/www.hgv-bordesholm.de\/wp-content\/uploads\/2020\/11\/weinetikett_gl\u00fccksmoment_final_cmyk.jpg&#8220; _builder_version=&#8220;4.16&#8243; global_colors_info=&#8220;{}&#8220;][\/et_pb_image][\/et_pb_column][et_pb_column type=&#8220;1_2&#8243; _builder_version=&#8220;4.16&#8243; custom_padding=&#8220;|||&#8220; global_colors_info=&#8220;{}&#8220; custom_padding__hover=&#8220;|||&#8220;][et_pb_image src=&#8220;https:\/\/www.hgv-bordesholm.de\/wp-content\/uploads\/2020\/11\/Ronald-Wochenmarkt-Lose-2020.jpg&#8220; _builder_version=&#8220;4.16&#8243; global_colors_info=&#8220;{}&#8220;][\/et_pb_image][\/et_pb_column][\/et_pb_row][et_pb_row _builder_version=&#8220;4.16&#8243; global_colors_info=&#8220;{}&#8220;][et_pb_column type=&#8220;4_4&#8243; _builder_version=&#8220;4.16&#8243; global_colors_info=&#8220;{}&#8220;][et_pb_text admin_label=&#8220;Dankesch\u00f6n-Wochenmarkttag am 21. November&#8220; _builder_version=&#8220;4.16&#8243; background_size=&#8220;initial&#8220; background_position=&#8220;top_left&#8220; background_repeat=&#8220;repeat&#8220; global_colors_info=&#8220;{}&#8220;]<\/p>\n<p>Dankesch\u00f6n-Wochenmarkttag am 21. November 2020<\/p>\n<p><strong>Das Motto ist: Zum Gl\u00fcck in Bordesholm<\/strong><\/p>\n<p>Die Wochenmarkt-H\u00e4ndler halten auch in Corona-Zeiten die Stellung. Am kommenden Sonnabend, dem 21. November 2020, wollen sich die Marktbeschicker bei ihren treuen Kunden bedanken. Jeder K\u00e4ufer erh\u00e4lt an diesem Markttag einen Berechtigungsschein, der an einer Marktbude von B\u00fcrgermeister Ronald B\u00fcssow gegen ein Los eingetauscht werden kann. Jedes Los gewinnt! Zu den Preisen geh\u00f6ren Stofftaschen mit dem Aufdruck \u201eZum Gl\u00fcck in Bordesholm\u201c, Wein mit dem Etikett \u201eBordesholmer Gl\u00fccksmoment\u201c, selbst gepresster Apfelsaft, gespendet vom Rotary Club Bordesholm, Postkarten-Sets \u201eBordesholmer Impressionen\u201c sowie Aufkleber mit dem Aufdruck \u201eGl\u00fcck in Bordesholm\u201c. Hinzu kommen Preise, die von den Markth\u00e4ndlern gespendet werden. Der Bordesholmer Wochenmarkt vor dem Rathaus bietet Vielfalt, Qualit\u00e4t und regionale Waren. Der Obst- und Gem\u00fcsehandel Marco B\u00f6ttiger empfiehlt knackiges Obst und Gem\u00fcse. Beim Demeter Obsthof gibt es \u00c4pfel aus eigenem Anbau und viele verschiedene Gem\u00fcse. Die G\u00e4rtnerei Christensen bietet Chrysanthemen und Herbstastern an. Kunstvoll dekorierte Herbstartikel komplettieren das Angebot. Der Gefl\u00fcgelhof F\u00f6lster hat alles von Huhn und Pute. Fischspezialit\u00e4ten Kuhlmannbietet neben Frischfisch und leckeren Marinaden Rumpsteak vom Auerochsen vom Stiftungsland Ohlendieksau sowie Wild an. Bei Andrej Prokopenkow, Imker aus Negenharrie, ist Honig aus guten H\u00e4nden zu bekommen. Au\u00dferdem gibt es Wachskerzen. Bei K\u00e4seh\u00e4ndler Stefan Hill erwartet den Kunden ein vielf\u00e4ltiges Angebot an Weich-, Schnitt- und Bergk\u00e4se aus verschiedenen Regionen. Gelegentlich gesellen sich weitere H\u00e4ndler dazu. \u201eDer Einkauf in frischer Luft ist gerade w\u00e4hrend der Corona-Pandemie reizvoll. Unser Wochenmarkt hat mit seinem vielf\u00e4ltigen Angebot an Bedeutung gewonnen,\u201c sagt B\u00fcrgermeister B\u00fcssow, und f\u00fcgt hinzu: \u201eUnser Wochenmarkt hat viel Potenzial. Er ist f\u00fcr einen breiten Kundenkreis nicht verzichtbar.\u201c Nat\u00fcrlich gelten die Hygiene-Vorschriften auch auf dem Wochenmarkt: Also Abstand halten und Mund-Nasenschutz tragen. Aber auch das f\u00e4llt in der frischen Luft leichter.<\/p>\n<p>J\u00fcrgen Baasch<\/p>\n<p>[\/et_pb_text][\/et_pb_column][\/et_pb_row][\/et_pb_section]<\/p>\n","protected":false},"excerpt":{"rendered":"<p>Das Motto ist: &#8222;Zum Gl\u00fcck in Bordesholm&#8220;. Die Wochenmarkt-H\u00e4ndler halten auch in Corona-Zeiten die Stellung. Am kommenden Sonnabend, dem 21. November 2020, wollen sich die Marktbeschicker bei ihren treuen Kunden bedanken. Jeder K\u00e4ufer erh\u00e4lt&#8230;<\/p>\n","protected":false},"author":2,"featured_media":1461,"comment_status":"closed","ping_status":"closed","sticky":false,"template":"","format":"standard","meta":{"_et_pb_use_builder":"on","_et_pb_old_content":"","_et_gb_content_width":"","footnotes":""},"categories":[22],"tags":[],"class_list":["post-1435","post","type-post","status-publish","format-standard","has-post-thumbnail","hentry","category-verkaufsoffener-sonntag"],"_links":{"self":[{"href":"https:\/\/hgv-bordesholm.de\/index.php\/wp-json\/wp\/v2\/posts\/1435","targetHints":{"allow":["GET"]}}],"collection":[{"href":"https:\/\/hgv-bordesholm.de\/index.php\/wp-json\/wp\/v2\/posts"}],"about":[{"href":"https:\/\/hgv-bordesholm.de\/index.php\/wp-json\/wp\/v2\/types\/post"}],"author":[{"embeddable":true,"href":"https:\/\/hgv-bordesholm.de\/index.php\/wp-json\/wp\/v2\/users\/2"}],"replies":[{"embeddable":true,"href":"https:\/\/hgv-bordesholm.de\/index.php\/wp-json\/wp\/v2\/comments?post=1435"}],"version-history":[{"count":3,"href":"https:\/\/hgv-bordesholm.de\/index.php\/wp-json\/wp\/v2\/posts\/1435\/revisions"}],"predecessor-version":[{"id":2011,"href":"https:\/\/hgv-bordesholm.de\/index.php\/wp-json\/wp\/v2\/posts\/1435\/revisions\/2011"}],"wp:featuredmedia":[{"embeddable":true,"href":"https:\/\/hgv-bordesholm.de\/index.php\/wp-json\/wp\/v2\/media\/1461"}],"wp:attachment":[{"href":"https:\/\/hgv-bordesholm.de\/index.php\/wp-json\/wp\/v2\/media?parent=1435"}],"wp:term":[{"taxonomy":"category","embeddable":true,"href":"https:\/\/hgv-bordesholm.de\/index.php\/wp-json\/wp\/v2\/categories?post=1435"},{"taxonomy":"post_tag","embeddable":true,"href":"https:\/\/hgv-bordesholm.de\/index.php\/wp-json\/wp\/v2\/tags?post=1435"}],"curies":[{"name":"wp","href":"https:\/\/api.w.org\/{rel}","templated":true}]}}