{"id":1877,"date":"2022-09-20T11:06:58","date_gmt":"2022-09-20T09:06:58","guid":{"rendered":"https:\/\/hgv-bordesholm.de\/?p=1877"},"modified":"2022-11-25T09:54:26","modified_gmt":"2022-11-25T07:54:26","slug":"unternehmer-des-jahres-2022","status":"publish","type":"post","link":"https:\/\/hgv-bordesholm.de\/index.php\/unternehmer-des-jahres-2022\/","title":{"rendered":"Unternehmer des Jahres 2022 Jan Osterloh"},"content":{"rendered":"<p>[et_pb_section fb_built=&#8220;1&#8243; _builder_version=&#8220;4.16&#8243; global_colors_info=&#8220;{}&#8220;][et_pb_row _builder_version=&#8220;4.16&#8243; background_size=&#8220;initial&#8220; background_position=&#8220;top_left&#8220; background_repeat=&#8220;repeat&#8220; global_colors_info=&#8220;{}&#8220;][et_pb_column type=&#8220;4_4&#8243; _builder_version=&#8220;4.16&#8243; custom_padding=&#8220;|||&#8220; global_colors_info=&#8220;{}&#8220; custom_padding__hover=&#8220;|||&#8220;][et_pb_text _builder_version=&#8220;4.18.0&#8243; background_size=&#8220;initial&#8220; background_position=&#8220;top_left&#8220; background_repeat=&#8220;repeat&#8220; z_index_tablet=&#8220;500&#8243; global_colors_info=&#8220;{}&#8220;]<\/p>\n<p>Der Vorsitzende des HGV, J\u00fcrgen Baasch, nahm die Auszeichnung des Unternehmers des Jahres 2022 vor. Er betonte, dass es viele hervorragende Unternehmen in der Region gibt. Der Schwierigkeit, eine Unternehmerpers\u00f6nlichkeit f\u00fcr den Preis herauszufiltern, stellt sich der HGV-Vorstand gerne. Bewusst gibt es keine Richtlinien, die einengen w\u00fcrden. Einig ist der HGV-Vorstand darin, dass der ideale Unternehmer \u00fcber den engen betrieblichen Bereich hinaus in das Gemeinwesen hinein wirken soll. Dann bedarf es nur noch zweier Voraussetzungen: Der Kandidat muss vorgeschlagen werden und die Zustimmung der Jury finden! Dann l\u00fcftete der HGV-Vorsitzende das Geheimnis um den Unternehmer des Jahres 2022. In seiner Laudatio hob er hervor: Das Steuerb\u00fcro Parbs &amp; Osterloh ist seit Jahren ein fester Bestandteil der Bordesholmer Wirtschafts- und Gesch\u00e4ftswelt. Es hat sich unter der F\u00fchrung von Steuerberater und Rechtsanwalt Jan Osterloh stetig weiterentwickelt. Mittlerweile sind in der Kanzlei von Herrn Osterloh 38 Mitarbeiter besch\u00e4ftigt. Damit z\u00e4hlt das Steuerb\u00fcro mit zu den gr\u00f6\u00dferen Arbeitgebern der Region. Selbstverst\u00e4ndlich stellt der Betrieb jedes Jahr 2-3 Auszubildende ein. Unter anderen haben auch Mitarbeiterinnen und Mitarbeiter ihren Chef vorgeschlagen, was durchaus nicht selbstverst\u00e4ndlich ist. Das Arbeiten der Mitarbeiter im Homeoffice ist f\u00fcr Parbs und Osterloh selbstverst\u00e4ndlich. Das Unternehmen ist zum Thema Digitalisierung schon mehrfach ausgezeichnet worden und nimmt dort in seiner Branche eine &#8222;Vorreiterrolle&#8220; ein. Auch das Engagement betreffend Nachhaltigkeit und \u00f6kologischem Denken hob der 1. Vorsitzende hervor. Es wurden und diverse Elektro-Fahrzeuge f\u00fcr Mitarbeiter angeschafft, ebenso die dazugeh\u00f6rigen Ladestationen. Eine dieser Ladestationen, die sich auf dem Parkplatzgel\u00e4nde vor dem B\u00fcrogeb\u00e4ude befinden, ist sogar als \u00f6ffentliche Ladestation f\u00fcr jedermann zug\u00e4nglich. J\u00fcrgen Baasch fasste zusammen: Der Handwerks- und Gewerbeverein Bordesholm zeichnet einen Unternehmer aus, der ein Unternehmen f\u00fchrt, das sich auf der H\u00f6he der Zeit befindet. Diese Aufgabe erf\u00fcllt der sympathische, offene und einnehmende Jan Osterloh mit gro\u00dfer Leidenschaft.<\/p>\n<p>Der neue Preistr\u00e4ger Jan Osterloh \u00fcberraschte in seiner Dankesrede mit der Pr\u00e4sentation der Stiftungsurkunde f\u00fcr die Dieter Danker Stiftung. Dieter Danker war Sportredakteur und ehrenamtlich in der Heimatsammlung Bordesholm t\u00e4tig. Der Stiftungszweck ist die F\u00f6rderung von Kunst und Kultur sowie der Jugend- und Altenhilfe (die RUNDSCHAU wird in einer n\u00e4chsten Ausgabe berichten).\u00a0 Musikalisch umrahmt wurde die Veranstaltung mit Liedern in Hoch- und Plattdeutsch und Instrumentalst\u00fccken von Heribert Friese mit der.<\/p>\n<p>&nbsp;<\/p>\n<p>[\/et_pb_text][\/et_pb_column][\/et_pb_row][\/et_pb_section]<\/p>\n","protected":false},"excerpt":{"rendered":"<p>J\u00fcrgen Baasch (v.re) und Andreas Schl\u00fcter zeichnen Jan Osterloh als Unternehmer des Jahres 2022 aus. Der Schwierigkeit, eine Unternehmerpers\u00f6nlichkeit f\u00fcr den Preis herauszufiltern, stellt sich der HGV-Vorstand gerne. Bewusst gibt es keine Richtlinien, die einengen w\u00fcrden. Einig ist der HGV-Vorstand &#8230;<\/p>\n","protected":false},"author":2,"featured_media":1980,"comment_status":"closed","ping_status":"closed","sticky":false,"template":"","format":"standard","meta":{"_et_pb_use_builder":"on","_et_pb_old_content":"","_et_gb_content_width":"","footnotes":""},"categories":[15],"tags":[],"class_list":["post-1877","post","type-post","status-publish","format-standard","has-post-thumbnail","hentry","category-unternehmer-des-jahres"],"_links":{"self":[{"href":"https:\/\/hgv-bordesholm.de\/index.php\/wp-json\/wp\/v2\/posts\/1877","targetHints":{"allow":["GET"]}}],"collection":[{"href":"https:\/\/hgv-bordesholm.de\/index.php\/wp-json\/wp\/v2\/posts"}],"about":[{"href":"https:\/\/hgv-bordesholm.de\/index.php\/wp-json\/wp\/v2\/types\/post"}],"author":[{"embeddable":true,"href":"https:\/\/hgv-bordesholm.de\/index.php\/wp-json\/wp\/v2\/users\/2"}],"replies":[{"embeddable":true,"href":"https:\/\/hgv-bordesholm.de\/index.php\/wp-json\/wp\/v2\/comments?post=1877"}],"version-history":[{"count":3,"href":"https:\/\/hgv-bordesholm.de\/index.php\/wp-json\/wp\/v2\/posts\/1877\/revisions"}],"predecessor-version":[{"id":1989,"href":"https:\/\/hgv-bordesholm.de\/index.php\/wp-json\/wp\/v2\/posts\/1877\/revisions\/1989"}],"wp:featuredmedia":[{"embeddable":true,"href":"https:\/\/hgv-bordesholm.de\/index.php\/wp-json\/wp\/v2\/media\/1980"}],"wp:attachment":[{"href":"https:\/\/hgv-bordesholm.de\/index.php\/wp-json\/wp\/v2\/media?parent=1877"}],"wp:term":[{"taxonomy":"category","embeddable":true,"href":"https:\/\/hgv-bordesholm.de\/index.php\/wp-json\/wp\/v2\/categories?post=1877"},{"taxonomy":"post_tag","embeddable":true,"href":"https:\/\/hgv-bordesholm.de\/index.php\/wp-json\/wp\/v2\/tags?post=1877"}],"curies":[{"name":"wp","href":"https:\/\/api.w.org\/{rel}","templated":true}]}}