{"id":1948,"date":"2022-10-25T17:44:58","date_gmt":"2022-10-25T15:44:58","guid":{"rendered":"https:\/\/hgv-bordesholm.de\/?p=1948"},"modified":"2023-01-03T11:01:07","modified_gmt":"2023-01-03T09:01:07","slug":"wirtschaftstag-2022","status":"publish","type":"post","link":"https:\/\/hgv-bordesholm.de\/index.php\/wirtschaftstag-2022\/","title":{"rendered":"Wirtschaftstag 2022 in den R\u00e4umen der Sparkasse"},"content":{"rendered":"<p>[et_pb_section fb_built=&#8220;1&#8243; admin_label=&#8220;section&#8220; _builder_version=&#8220;4.16&#8243; global_colors_info=&#8220;{}&#8220;][et_pb_row admin_label=&#8220;row&#8220; _builder_version=&#8220;4.16&#8243; background_size=&#8220;initial&#8220; background_position=&#8220;top_left&#8220; background_repeat=&#8220;repeat&#8220; global_colors_info=&#8220;{}&#8220;][et_pb_column type=&#8220;4_4&#8243; _builder_version=&#8220;4.16&#8243; custom_padding=&#8220;|||&#8220; global_colors_info=&#8220;{}&#8220; custom_padding__hover=&#8220;|||&#8220;][et_pb_text _builder_version=&#8220;4.18.0&#8243; _module_preset=&#8220;default&#8220; hover_enabled=&#8220;0&#8243; global_colors_info=&#8220;{}&#8220; sticky_enabled=&#8220;0&#8243;]<\/p>\n<p><strong>Wirtschaftsforum mit viel Information, Unterhaltung und Austausch<\/strong><br \/>\u00dcber 80 G\u00e4ste konnten der Vorstandsvorsitzende der Bordesholmer Sparkasse, Andreas Schl\u00fcter, und der stellvertretende Vorsitzendes des Handwerks- und Gewerbevereins Bordesholm (HGV), Andreas Kiel, in der Bordesholmer Sparkasse begr\u00fc\u00dfen. Gemeinsam hatten die Sparkasse und der HGV zum 7. Bordesholmer Wirtschaftsforum eingeladen. Den Besuchern aus Wirtschaft, Kommunalpolitik, Verwaltung, Vereinen und Verb\u00e4nden wurde ein informatives und unterhaltsames Programm geboten, dar\u00fcber hinaus gab es viel Zeit f\u00fcr Austausch, Kennenlernen und Netzwerken. Der neue Amtsdirektor Marco Thies stellte sich dem Wirtschaftsforum vor. F\u00fcr seine Verwaltung bot er die Hand zum partnerschaftlichen Zusammenwirken in der Region. Er stehe f\u00fcr offene T\u00fcren, offene Ohren und ein offenes Gespr\u00e4ch, betonte der Amtsdirektor.<\/p>\n<p><strong>Christiane Ladwig und Heiko Andreas geehrt<\/strong><br \/>F\u00fcr ihre langj\u00e4hrige Mitgliedschaft im Vorstand des HGV wurden Christiane Ladwig und Heiko Andreas vom 1. Vorsitzenden des HGV, J\u00fcrgen Baasch, geehrt. Christiane Ladwig versteht sich im Rahmen des HGV als die Stimme f\u00fcr Freiberufler und Dienstleister. Verantwortlich f\u00fcr mediale Pr\u00e4sentation hat sie zum Beispiel das Logo des HGV und den BummelBon gestaltet. Heiko Andreas hat sich im Rahmen des HGV engagiert und erfolgreich f\u00fcr die F\u00f6rderung von Handwerk und Gewerbe eingesetzt. Er bringt viele Ideen ein und gl\u00e4nzt bei der Organisation von Projekten und Events. Zur Zeit f\u00fchrt er die Kasse des HGV.<br \/>Danach nahm J\u00fcrgen Baasch die Auszeichnung des Unternehmers des Jahres 2022 vor.<\/p>\n<p>[\/et_pb_text][\/et_pb_column][\/et_pb_row][\/et_pb_section]<\/p>\n","protected":false},"excerpt":{"rendered":"<p>\u00dcber 80 G\u00e4ste konnten der Vorstandsvorsitzende der Bordesholmer Sparkasse, Andreas Schl\u00fcter, und der stellvertretende Vorsitzendes des Handwerks- und Gewerbevereins Bordesholm (HGV), Andreas Kiel, in der Bordesholmer Sparkasse begr\u00fc\u00dfen. Gemeinsam hatten &#8230;<\/p>\n","protected":false},"author":2,"featured_media":1060,"comment_status":"closed","ping_status":"closed","sticky":false,"template":"","format":"standard","meta":{"_et_pb_use_builder":"on","_et_pb_old_content":"","_et_gb_content_width":"","footnotes":""},"categories":[5,22],"tags":[],"class_list":["post-1948","post","type-post","status-publish","format-standard","has-post-thumbnail","hentry","category-veranstaltungen","category-verkaufsoffener-sonntag"],"_links":{"self":[{"href":"https:\/\/hgv-bordesholm.de\/index.php\/wp-json\/wp\/v2\/posts\/1948","targetHints":{"allow":["GET"]}}],"collection":[{"href":"https:\/\/hgv-bordesholm.de\/index.php\/wp-json\/wp\/v2\/posts"}],"about":[{"href":"https:\/\/hgv-bordesholm.de\/index.php\/wp-json\/wp\/v2\/types\/post"}],"author":[{"embeddable":true,"href":"https:\/\/hgv-bordesholm.de\/index.php\/wp-json\/wp\/v2\/users\/2"}],"replies":[{"embeddable":true,"href":"https:\/\/hgv-bordesholm.de\/index.php\/wp-json\/wp\/v2\/comments?post=1948"}],"version-history":[{"count":3,"href":"https:\/\/hgv-bordesholm.de\/index.php\/wp-json\/wp\/v2\/posts\/1948\/revisions"}],"predecessor-version":[{"id":2008,"href":"https:\/\/hgv-bordesholm.de\/index.php\/wp-json\/wp\/v2\/posts\/1948\/revisions\/2008"}],"wp:featuredmedia":[{"embeddable":true,"href":"https:\/\/hgv-bordesholm.de\/index.php\/wp-json\/wp\/v2\/media\/1060"}],"wp:attachment":[{"href":"https:\/\/hgv-bordesholm.de\/index.php\/wp-json\/wp\/v2\/media?parent=1948"}],"wp:term":[{"taxonomy":"category","embeddable":true,"href":"https:\/\/hgv-bordesholm.de\/index.php\/wp-json\/wp\/v2\/categories?post=1948"},{"taxonomy":"post_tag","embeddable":true,"href":"https:\/\/hgv-bordesholm.de\/index.php\/wp-json\/wp\/v2\/tags?post=1948"}],"curies":[{"name":"wp","href":"https:\/\/api.w.org\/{rel}","templated":true}]}}