{"id":2025,"date":"2023-01-04T13:20:17","date_gmt":"2023-01-04T11:20:17","guid":{"rendered":"https:\/\/hgv-bordesholm.de\/?p=2025"},"modified":"2024-11-07T13:25:45","modified_gmt":"2024-11-07T11:25:45","slug":"fackelwanderung-2023","status":"publish","type":"post","link":"https:\/\/hgv-bordesholm.de\/index.php\/fackelwanderung-2023\/","title":{"rendered":"Fackelwanderung 2023"},"content":{"rendered":"<p>[et_pb_section fb_built=&#8220;1&#8243; _builder_version=&#8220;4.16&#8243; global_colors_info=&#8220;{}&#8220;][et_pb_row _builder_version=&#8220;4.16&#8243; background_size=&#8220;initial&#8220; background_position=&#8220;top_left&#8220; background_repeat=&#8220;repeat&#8220; global_colors_info=&#8220;{}&#8220;][et_pb_column type=&#8220;4_4&#8243; _builder_version=&#8220;4.16&#8243; custom_padding=&#8220;|||&#8220; global_colors_info=&#8220;{}&#8220; custom_padding__hover=&#8220;|||&#8220;][et_pb_text admin_label=&#8220;Fackelwanderung 2023&#8243; _builder_version=&#8220;4.19.4&#8243; background_size=&#8220;initial&#8220; background_position=&#8220;top_left&#8220; background_repeat=&#8220;repeat&#8220; global_colors_info=&#8220;{}&#8220;]<\/p>\n<p><strong>Einladung zur <\/strong><strong>Fackelwanderung des HGV am 04.02.2023<br \/><\/strong><strong>mitmachen \u2013 netzwerken \u2013 Spa\u00df haben \u2013 gut essen<\/strong><\/p>\n<p>Die erste Fackelwanderung des Handwerks- und Gewerbeverein Bordesholm (HGV) nach der Corona-Pause\u00a0 fand am 4. Februar 2023 statt. Start war um <strong>18 Uhr vom Parkplatz am Alten Kreishaus<\/strong>. Die Wanderung f\u00fchrte unter Fackelbeleuchtung am Bordesholmer See entlang zur <strong>Vogelwiese<\/strong>. Dort warteten das Team des Hotel Seeblick mit hei\u00dfen Getr\u00e4nken sowie die Jagdhornbl\u00e4ser auf die Teilnehmenden. Ziel der Wanderung war dann das <strong>Hotel Seeblick in M\u00fchbrook<\/strong>. Dort begr\u00fc\u00dfte der 1. Vorsitzende J\u00fcrgen Baasch die 42 Teilnehmenden. Danach gab es ein deftiges Gr\u00fcnkohlgericht und den \u00fcblichen Verteiler f\u00fcr die Wanderer. Der Abend endete gesellig mit launigen Gespr\u00e4chen. <\/p>\n<p>&nbsp;<\/p>\n<p>[\/et_pb_text][et_pb_gallery gallery_ids=&#8220;2045,2044,2041,2042,2043&#8243; _builder_version=&#8220;4.19.4&#8243; _module_preset=&#8220;default&#8220; global_colors_info=&#8220;{}&#8220;][\/et_pb_gallery][\/et_pb_column][\/et_pb_row][\/et_pb_section]<\/p>\n","protected":false},"excerpt":{"rendered":"<p>Zur ersten Fackelwanderung nach der Corona-Pause l\u00e4dt der des Handwerks- und Gewerbeverein Bordesholm (HGV) zum 4. Februar 2023 ein. Die Wanderung f\u00fchrt unter Fackelbeleuchtung am Bordesholmer See entlang zur Vogelwiese. Ziel der Wanderung ist dann das Hotel Seeblick in M\u00fchbrook. Dort wird ein &#8230;<\/p>\n","protected":false},"author":2,"featured_media":2024,"comment_status":"closed","ping_status":"closed","sticky":false,"template":"","format":"standard","meta":{"_et_pb_use_builder":"on","_et_pb_old_content":"","_et_gb_content_width":"","footnotes":""},"categories":[22],"tags":[],"class_list":["post-2025","post","type-post","status-publish","format-standard","has-post-thumbnail","hentry","category-verkaufsoffener-sonntag"],"_links":{"self":[{"href":"https:\/\/hgv-bordesholm.de\/index.php\/wp-json\/wp\/v2\/posts\/2025","targetHints":{"allow":["GET"]}}],"collection":[{"href":"https:\/\/hgv-bordesholm.de\/index.php\/wp-json\/wp\/v2\/posts"}],"about":[{"href":"https:\/\/hgv-bordesholm.de\/index.php\/wp-json\/wp\/v2\/types\/post"}],"author":[{"embeddable":true,"href":"https:\/\/hgv-bordesholm.de\/index.php\/wp-json\/wp\/v2\/users\/2"}],"replies":[{"embeddable":true,"href":"https:\/\/hgv-bordesholm.de\/index.php\/wp-json\/wp\/v2\/comments?post=2025"}],"version-history":[{"count":3,"href":"https:\/\/hgv-bordesholm.de\/index.php\/wp-json\/wp\/v2\/posts\/2025\/revisions"}],"predecessor-version":[{"id":2098,"href":"https:\/\/hgv-bordesholm.de\/index.php\/wp-json\/wp\/v2\/posts\/2025\/revisions\/2098"}],"wp:featuredmedia":[{"embeddable":true,"href":"https:\/\/hgv-bordesholm.de\/index.php\/wp-json\/wp\/v2\/media\/2024"}],"wp:attachment":[{"href":"https:\/\/hgv-bordesholm.de\/index.php\/wp-json\/wp\/v2\/media?parent=2025"}],"wp:term":[{"taxonomy":"category","embeddable":true,"href":"https:\/\/hgv-bordesholm.de\/index.php\/wp-json\/wp\/v2\/categories?post=2025"},{"taxonomy":"post_tag","embeddable":true,"href":"https:\/\/hgv-bordesholm.de\/index.php\/wp-json\/wp\/v2\/tags?post=2025"}],"curies":[{"name":"wp","href":"https:\/\/api.w.org\/{rel}","templated":true}]}}