{"id":637,"date":"2015-05-30T17:51:59","date_gmt":"2015-05-30T15:51:59","guid":{"rendered":"http:\/\/hgv-bordesholm.de.w01c4eb1.kasserver.com\/?p=637"},"modified":"2019-05-30T18:10:35","modified_gmt":"2019-05-30T16:10:35","slug":"unternehmer-des-jahres-2014","status":"publish","type":"post","link":"https:\/\/hgv-bordesholm.de\/index.php\/unternehmer-des-jahres-2014\/","title":{"rendered":"Unternehmer des Jahres 2014 ist Thomas Kroll"},"content":{"rendered":"<p>Der Unternehmer des Jahres 2014 wurde von der Jury des HGV aus zehn Vorschl\u00e4gen ausgew\u00e4hlt. Der HGV-Vorsitzende J\u00fcrgen Baasch betonte, dass jede einzelne vorgeschlagene Unternehmerpers\u00f6nlichkeit ein w\u00fcrdiger Unternehmer des Jahres gewesen w\u00e4re. In geheimer Abstimmung fiel die Wahl auf <strong>Thomas Kroll<\/strong>, den <strong>Gesch\u00e4ftsf\u00fchrer der Firma DIVIS<\/strong> im Gewerbegebiet Eiderh\u00f6he. DIVIS hei\u00dft ist ein au\u00dfergew\u00f6hnliches, europaweit aktives, sehr innovatives und h\u00f6chst erfolgreiches Unternehmen, das 45 hoch qualifizierte Mitarbeiter besch\u00e4ftigt. Diese knobeln an intelligenten Formen der Warenverfolgung und entwickeln Software f\u00fcr Logistikunternehmen. In seiner Laudatio bezeichnete <strong>HGV-Vorsitzender J\u00fcrgen Baasch<\/strong> den 51j\u00e4hrigen Thomas Kroll als einen Unternehmer, der sich etwas jugendlich-sympathisches bewahrt habe. Kroll, der rasante Hobbys wie Rennradfahren und Kitesurfen betreibt, nennt als sein Haupt-Hobby jedoch die Firma DIVIS. Im Jahre 2002 begr\u00fcndete der technische Kaufmann und Industriefachwirt in der Bordesholmer Bahnhofstra\u00dfe als Mieter von \u201eFarben Schulz\u201c DIVIS. 2008 zog das Unternehmen in das Gewerbegebiet Eiderh\u00f6he um, und bereits 2012 war ein zweiter Bauabschnitt n\u00f6tig. Warum er sein Unternehmen in Bordesholm betreibt? \u201eGanz einfach, weil ich hier wohne. Und gerne hier wohne,\u201c sagt Thomas Kroll. Und er erkl\u00e4rt, wie sich vom Standort Bordesholm aus ein europaweit aktives Unternehmen lenken l\u00e4sst. Die Firma bildet auch aus. Industriekaufleute und im Dualen System Betriebswirte. Thomas Kroll freut sich, dass auch eine seiner beiden T\u00f6chter bereits den Weg ins Unternehmen gefunden hat. Er lebt mit seiner Frau und den beiden T\u00f6chtern in Bordesholm. In seiner Dankesrede wies der neue Unternehmer des Jahres darauf hin, dass die Entwicklung seines Unternehmens nat\u00fcrlich nicht das Ergebnis der Arbeit eines einzelnen sei, sondern auf Teamwork und engagierter Mitarbeit aller im Betrieb beruhe. Und auf einer Familie, die ihm den R\u00fccken st\u00e4rke.<\/p>\n<p>\u00dcber 80 G\u00e4ste aus der regionalen Wirtschaft, aus Politik, Verwaltung, von der Feuerwehr, aus Schulen, Vereinen und Verb\u00e4nden konnte<strong> Markus Schaly, der Vorstandsvorsitzende der Bordesholmer Sparkasse<\/strong>, in seiner Kundenhalle zum 4. Wirtschaftstag des Handwerks- und Gewerbevereins (HGV) begr\u00fc\u00dfen. Er betonte in seiner Ansprache die Verbindung der Bordesholmer Sparkasse mit der regionalen Wirtschaft und dem HGV. <strong>Amtsdirektor Heinrich Lembrecht<\/strong> bescheinigte der \u00f6rtlichen Wirtschaft und der Zusammenarbeit zwischen Verwaltung und Betrieben eine gute Entwicklung. Er wies unter anderem auf die st\u00e4dtebaulichen Ma\u00dfnahmen im Ortskern Bordesholms hin und darauf, dass alle Bauma\u00dfnahmen in enger Abstimmung mit den von ihnen betroffenen Betrieben durchgef\u00fchrt w\u00fcrden: \u201eUnd das wird auch beim Umbau der Bahnunterf\u00fchrung f\u00fcr Fu\u00dfg\u00e4nger und beim Ausbau des Einkaufsbereiches der Bahnhofstra\u00dfe so bleiben,\u201c versprach der Amtsdirektor. Lembrecht legte eindrucksvoll dar, aus welchen Gr\u00fcnden der Bordesholmer Raum f\u00fcr die wirtschaftliche Entwicklung zwischen Kiel und Neum\u00fcnster zentral und zukunftstr\u00e4chtig ist und erntete viel Zustimmung. Den Gastvortrag hielt <strong>Dr. Ralf Stegner, Fraktions- und Landesvorsitzender der SPD und stellvertretender Bundesvorsitzender seiner Partei<\/strong>. In zehn Punkten klar strukturiert trug er Schwerpunkte einer<strong> \u201ePolitik f\u00fcr den Mittelstand in Schleswig-Holstein\u201c<\/strong> vor. Als eine weit reichende Entscheidung f\u00fcr den Bordesholmer Raum stellte er die Einrichtung der Gymnasialen Oberstufe an der Hans-Br\u00fcggemann-Gemeinschaftsschule heraus: \u201eHier wurde in Bildung, also in Zukunft investiert. Und auch die bislang Kritischen werden schnell erkennen, dass es richtig ist, die Jugendlichen am Ort zu halten, sie ins Gemeinwesen zu integrieren. Denn es sind ja nicht die Schlechtesten, die auf die Gymnasiale Oberstufe gehen.\u201c Bordesholm, so fasste Stegner seinen halbst\u00fcndigen Vortrag zusammen, \u201e\u2026bietet deutlich mehr, als andere Gemeinden \u00e4hnlicher Gr\u00f6\u00dfenordnung, sowohl wirtschaftlich als auch kulturell. Man sp\u00fcrt, hier ist etwas los.\u201c<\/p>\n<p><strong>Maya Mo, die von ihrem Pianisten Miguel begleitet<\/strong>, die Veranstaltung musikalisch umrahmte, blickte Ralf Stegner nach seinem Vortrag, w\u00e4hrend sie sich zum Mikrofon begab, an und sagte: \u201eGut, dass ich nur singe.\u201cAber wie! Mit kr\u00e4ftiger, abwechslungsreicher und auch leicht hingetupfter Stimme zog sie, von Miguel raumgebend begleitet, das Publikum in ihren Bann.<\/p>\n<p>Mit einem von der <strong>Fleischerei Bracker<\/strong> liebevoll bereiteten Imbiss und bei vielen anregenden Gespr\u00e4chen klang der 4. Bordesholmer Wirtschaftstag aus.<\/p>\n<p><em>J\u00fcrgen Baasch<\/em><\/p>\n","protected":false},"excerpt":{"rendered":"<p>Der Unternehmer des Jahres 2014 wurde von der Jury des HGV aus zehn Vorschl\u00e4gen ausgew\u00e4hlt. Der HGV-Vorsitzende J\u00fcrgen Baasch betonte, dass jede einzelne vorgeschlagene Unternehmerpers\u00f6nlichkeit ein w\u00fcrdiger Unternehmer des Jahres gewesen w\u00e4re. In geheimer Abstimmung fiel die Wahl auf Thomas Kroll, den Gesch\u00e4ftsf\u00fchrer der Firma DIVIS im Gewerbegebiet Eiderh\u00f6he. DIVIS hei\u00dft ist ein au\u00dfergew\u00f6hnliches, europaweit [&hellip;]<\/p>\n","protected":false},"author":2,"featured_media":308,"comment_status":"closed","ping_status":"closed","sticky":false,"template":"","format":"standard","meta":{"_et_pb_use_builder":"","_et_pb_old_content":"","_et_gb_content_width":"","footnotes":""},"categories":[15],"tags":[],"class_list":["post-637","post","type-post","status-publish","format-standard","has-post-thumbnail","hentry","category-unternehmer-des-jahres"],"_links":{"self":[{"href":"https:\/\/hgv-bordesholm.de\/index.php\/wp-json\/wp\/v2\/posts\/637","targetHints":{"allow":["GET"]}}],"collection":[{"href":"https:\/\/hgv-bordesholm.de\/index.php\/wp-json\/wp\/v2\/posts"}],"about":[{"href":"https:\/\/hgv-bordesholm.de\/index.php\/wp-json\/wp\/v2\/types\/post"}],"author":[{"embeddable":true,"href":"https:\/\/hgv-bordesholm.de\/index.php\/wp-json\/wp\/v2\/users\/2"}],"replies":[{"embeddable":true,"href":"https:\/\/hgv-bordesholm.de\/index.php\/wp-json\/wp\/v2\/comments?post=637"}],"version-history":[{"count":2,"href":"https:\/\/hgv-bordesholm.de\/index.php\/wp-json\/wp\/v2\/posts\/637\/revisions"}],"predecessor-version":[{"id":640,"href":"https:\/\/hgv-bordesholm.de\/index.php\/wp-json\/wp\/v2\/posts\/637\/revisions\/640"}],"wp:featuredmedia":[{"embeddable":true,"href":"https:\/\/hgv-bordesholm.de\/index.php\/wp-json\/wp\/v2\/media\/308"}],"wp:attachment":[{"href":"https:\/\/hgv-bordesholm.de\/index.php\/wp-json\/wp\/v2\/media?parent=637"}],"wp:term":[{"taxonomy":"category","embeddable":true,"href":"https:\/\/hgv-bordesholm.de\/index.php\/wp-json\/wp\/v2\/categories?post=637"},{"taxonomy":"post_tag","embeddable":true,"href":"https:\/\/hgv-bordesholm.de\/index.php\/wp-json\/wp\/v2\/tags?post=637"}],"curies":[{"name":"wp","href":"https:\/\/api.w.org\/{rel}","templated":true}]}}