{"id":658,"date":"2013-05-31T09:58:26","date_gmt":"2013-05-31T07:58:26","guid":{"rendered":"http:\/\/hgv-bordesholm.de.w01c4eb1.kasserver.com\/?p=658"},"modified":"2019-06-21T10:25:29","modified_gmt":"2019-06-21T08:25:29","slug":"birgit-heinzel-wurde-unternehmerin-des-jahres-2012","status":"publish","type":"post","link":"https:\/\/hgv-bordesholm.de\/index.php\/birgit-heinzel-wurde-unternehmerin-des-jahres-2012\/","title":{"rendered":"Birgit Heinzel wurde Unternehmerin des Jahres 2012"},"content":{"rendered":"<p>Unternehmerin des Jahres wurde 2012 die Optiker- und H\u00f6rger\u00e4terakustikermeisterin Birgit Heinzel. Verliehen wurde der Preis am 13. November in der Kundenhalle der Sparkasse. Neben den Ansprachen des Sparkassenvorsitzenden Detlev K\u00fcfe, des Vorsitzenden des HGV Bordesholms J\u00fcrgen Baasch, sowie des Amtsdirektos Heinrich Lembrecht referierte als Gastredner auch Wolfgang Kubicki, Vorsitzender der FTP-Landtagsfraktion, \u00fcber das Thema &#8222;Wirtschaft in Schleswig-Holstein&#8220;.<\/p>\n<div>\n<p>Die 46-j\u00e4hrige Gesch\u00e4ftsfrau ist Inhaberin des Betriebes &#8222;Brillen Rottler-Heinzel Sehen und H\u00f6ren&#8220; an der Bordesholmer Bahnhofstra\u00dfe. Sie startete mit der \u00dcbernahme des Gesch\u00e4ftes von Hans Helmut Stange (Optiker Schlotfeld) vor 18 Jahren durch und behauptet sich bis heute erfolgreich am Markt. Sie betreibt eine zweite Betriebsst\u00e4tte in Preetz und besch\u00e4ftigt f\u00fcnf Mitarbeiter. Die ausgebildete Meisterin der H\u00f6r akustik ist verheiratet und Mutter von vier Kindern. &#8222;Ich bin stolz auf diese Auszeichnung&#8220;, sagte sie unter dem Beifall der G\u00e4ste. Birgit Heinzel ist die dritte Preistr\u00e4gerin, die vom Handwerks- und Gewerbeverein (HGV) einen Preis zuerkannt bekam. Die Auszeichnung ist nicht mit einer finanziellen Zuwendung verbunden.<\/p>\n<p>Diesmal lagen neun Vorschl\u00e4ge vor. Die Juroren aus dem HGV-Vorstand sprachen sich einvernehmlich f\u00fcr Birgit Heinzel aus. Zu den ersten Gratulanten geh\u00f6rte Wolfgang Kubicki, Vorsitzender der FDP-Landtagsfraktion, der auf der Veranstaltung ein Wirtschaftsreferat hielt. &#8222;Ohne ein Honorar zu bekommen&#8220;, wie der liberale Spitzenpolitiker schmunzelnd anmerkte.<\/p>\n<p>\u2013 Quelle: https:\/\/www.shz.de\/247416 \u00a92019<\/p><\/div>\n","protected":false},"excerpt":{"rendered":"<p>Unternehmerin des Jahres wurde 2012 die Optiker- und H\u00f6rger\u00e4terakustikermeisterin Birgit Heinzel. Verliehen wurde der Preis am 13. November in der Kundenhalle der Sparkasse. Neben den Ansprachen des Sparkassenvorsitzenden Detlev K\u00fcfe, des Vorsitzenden des HGV Bordesholms J\u00fcrgen Baasch, sowie des Amtsdirektos Heinrich Lembrecht referierte als Gastredner auch Wolfgang Kubicki, Vorsitzender der FTP-Landtagsfraktion, \u00fcber das Thema &#8222;Wirtschaft [&hellip;]<\/p>\n","protected":false},"author":2,"featured_media":162,"comment_status":"closed","ping_status":"closed","sticky":false,"template":"","format":"standard","meta":{"_et_pb_use_builder":"","_et_pb_old_content":"","_et_gb_content_width":"","footnotes":""},"categories":[15],"tags":[],"class_list":["post-658","post","type-post","status-publish","format-standard","has-post-thumbnail","hentry","category-unternehmer-des-jahres"],"_links":{"self":[{"href":"https:\/\/hgv-bordesholm.de\/index.php\/wp-json\/wp\/v2\/posts\/658","targetHints":{"allow":["GET"]}}],"collection":[{"href":"https:\/\/hgv-bordesholm.de\/index.php\/wp-json\/wp\/v2\/posts"}],"about":[{"href":"https:\/\/hgv-bordesholm.de\/index.php\/wp-json\/wp\/v2\/types\/post"}],"author":[{"embeddable":true,"href":"https:\/\/hgv-bordesholm.de\/index.php\/wp-json\/wp\/v2\/users\/2"}],"replies":[{"embeddable":true,"href":"https:\/\/hgv-bordesholm.de\/index.php\/wp-json\/wp\/v2\/comments?post=658"}],"version-history":[{"count":3,"href":"https:\/\/hgv-bordesholm.de\/index.php\/wp-json\/wp\/v2\/posts\/658\/revisions"}],"predecessor-version":[{"id":722,"href":"https:\/\/hgv-bordesholm.de\/index.php\/wp-json\/wp\/v2\/posts\/658\/revisions\/722"}],"wp:featuredmedia":[{"embeddable":true,"href":"https:\/\/hgv-bordesholm.de\/index.php\/wp-json\/wp\/v2\/media\/162"}],"wp:attachment":[{"href":"https:\/\/hgv-bordesholm.de\/index.php\/wp-json\/wp\/v2\/media?parent=658"}],"wp:term":[{"taxonomy":"category","embeddable":true,"href":"https:\/\/hgv-bordesholm.de\/index.php\/wp-json\/wp\/v2\/categories?post=658"},{"taxonomy":"post_tag","embeddable":true,"href":"https:\/\/hgv-bordesholm.de\/index.php\/wp-json\/wp\/v2\/tags?post=658"}],"curies":[{"name":"wp","href":"https:\/\/api.w.org\/{rel}","templated":true}]}}