{"id":660,"date":"2011-05-31T10:01:45","date_gmt":"2011-05-31T08:01:45","guid":{"rendered":"http:\/\/hgv-bordesholm.de.w01c4eb1.kasserver.com\/?p=660"},"modified":"2020-03-02T12:37:45","modified_gmt":"2020-03-02T10:37:45","slug":"unternehmer-des-jahres-2010-wurde-jens-buelck","status":"publish","type":"post","link":"https:\/\/hgv-bordesholm.de\/index.php\/unternehmer-des-jahres-2010-wurde-jens-buelck\/","title":{"rendered":"Unternehmer des Jahres 2010 wurde Jens B\u00fclck"},"content":{"rendered":"<p>F\u00fcr die Wahl zum*r Unternehmer*in des Jahres durch den Vorstand des HGV sind keine Bedingungen festgelegt.\u00a0 Alle Mitgliedsunternehmen sind aufgefordert, begr\u00fcndete Vorschl\u00e4ge einzureichen. F\u00fcr den 1. Unternehmer*in des Jahres gingen sechs Vorschl\u00e4ge ein. Jede vorgeschlagene Unternehmerpers\u00f6nlichkeit w\u00e4re w\u00fcrdig gewesen, ausgezeichnet zu werden.<\/p>\n<p>Jens B\u00fclck ist am 5. M\u00e4rz 1942 geboren, heute ein gro\u00dfer Kerl mit einer ansteckenden Fr\u00f6hlichkeit.<br \/>\nEs wahren wirkliche Lejrjahre, die im Jahr 1958 bei der Firma Wilhelm Gnutzmann begannen. In der Berufsschule musste Jens B\u00fclck sich gegen Realsch\u00fcler durchsetzen. Wilhelm Gnutzmann half, indem er ihn zu Schulungen schickte. Auf den Kaufmannsgehilfenbrief ist Jens B\u00fclck stolz. Nach einigen Jahren bei f\u00fcr Firma Gnutzmann folgte die T\u00e4tigkeit als Betriebsleiter der Firma Erich Vierow in Kiel.<br \/>\nIm Jahr 1968 bestand er die Pr\u00fcfung \u201eAllgemeiner G\u00fcterverkehr\u201c. Damit st\u00fcrzte er sich in das Abenteuer der Selbstst\u00e4ndigkeit und meldete mit dem Kauf eines LKW (ein MAN f\u00fcr stattliche 61.000 DM) sein Gewerbe an. Es lief gut., aber er blieb auf dem Teppich. Jedes Jahr kaufte er nur ein neues Auto, nicht wie andere eine ganze Flotte. Zum 25-j\u00e4hrigen Jubil\u00e4um vermeldete die Branchenzeitschrift \u201eG\u00fcterverkehr Nord-West\u201c in einem Firmenportr\u00e4t, dass der Betrieb erfolgreich st\u00e4ndig erweitert werden konnte. Zu diesem Zeitpunkt waren 14 Sattelkipper, 2 Kippz\u00fcge und 3 Radlader eingesetzt.<br \/>\nWas im Firmenportr\u00e4t seht, gilt noch heute. Langj\u00e4hrige und gut ausgebildete Mitarbeiter*innen, zu denen auch die Ehefrau Brigitte, die S\u00f6hne Thomas und Sven sowie die Tochter Anja geh\u00f6ren, sorgen f\u00fcr reibungslose Abl\u00e4ufe und sind das R\u00fcckgrat des Unternehmens.<br \/>\nNehmen seinen unternehmerischen T\u00e4tigkeiten, die von Jans B\u00fclck auch als Teil unternehmerischen Verantwortung der Gemeinschaft gegen\u00fcber gesehen werden, bet\u00e4tigt sich die Firma auch als Sponsor. Sportvereine und Behinderteneinrichtungen werden unterst\u00fctzt.<br \/>\nBesonders hervorzuheben ist der Einsatz f\u00fcr Bordesholms lettische Partnergemeinde. Zwischen 1994 und 2003 fuhren j\u00e4hrlich zu Weihnachten Sattelz\u00fcge nach Kekava bei Riga und \u00fcberbrachten Hilfsg\u00fcter, vom Paket f\u00fcr den einsamen Rentner bis hin zur Gro\u00dfk\u00fcche f\u00fcr die Sozialstation oder der gesamten Einrichtung einer Zahnarztpraxis. Alles ehrenamtlich und kostenlos.<br \/>\nDar\u00fcber hat er noch Zeit sich in der Politik der Heimatgemeinde Gro\u00df Buchwald einzumischen. Jens B\u00fclck war 17 Jahre Bauausschussvorsitzender, 17 Jahre stellvertretender B\u00fcrgermeister und heute h\u00e4ngt ein Schild neben seiner T\u00fcr: Gemeinde Gro\u00df Buchwald &#8211; Der B\u00fcrgermeister.<\/p>\n<p>&nbsp;<\/p>\n","protected":false},"excerpt":{"rendered":"<p>F\u00fcr die Wahl zum*r Unternehmer*in des Jahres durch den Vorstand des HGV sind keine Bedingungen festgelegt.\u00a0 Alle Mitgliedsunternehmen sind aufgefordert, begr\u00fcndete Vorschl\u00e4ge einzureichen. F\u00fcr den 1. Unternehmer*in des Jahres gingen sechs Vorschl\u00e4ge ein. Jede &#8230;<\/p>\n","protected":false},"author":2,"featured_media":1087,"comment_status":"closed","ping_status":"closed","sticky":false,"template":"","format":"standard","meta":{"_et_pb_use_builder":"","_et_pb_old_content":"","_et_gb_content_width":"","footnotes":""},"categories":[15],"tags":[],"class_list":["post-660","post","type-post","status-publish","format-standard","has-post-thumbnail","hentry","category-unternehmer-des-jahres"],"_links":{"self":[{"href":"https:\/\/hgv-bordesholm.de\/index.php\/wp-json\/wp\/v2\/posts\/660","targetHints":{"allow":["GET"]}}],"collection":[{"href":"https:\/\/hgv-bordesholm.de\/index.php\/wp-json\/wp\/v2\/posts"}],"about":[{"href":"https:\/\/hgv-bordesholm.de\/index.php\/wp-json\/wp\/v2\/types\/post"}],"author":[{"embeddable":true,"href":"https:\/\/hgv-bordesholm.de\/index.php\/wp-json\/wp\/v2\/users\/2"}],"replies":[{"embeddable":true,"href":"https:\/\/hgv-bordesholm.de\/index.php\/wp-json\/wp\/v2\/comments?post=660"}],"version-history":[{"count":9,"href":"https:\/\/hgv-bordesholm.de\/index.php\/wp-json\/wp\/v2\/posts\/660\/revisions"}],"predecessor-version":[{"id":1085,"href":"https:\/\/hgv-bordesholm.de\/index.php\/wp-json\/wp\/v2\/posts\/660\/revisions\/1085"}],"wp:featuredmedia":[{"embeddable":true,"href":"https:\/\/hgv-bordesholm.de\/index.php\/wp-json\/wp\/v2\/media\/1087"}],"wp:attachment":[{"href":"https:\/\/hgv-bordesholm.de\/index.php\/wp-json\/wp\/v2\/media?parent=660"}],"wp:term":[{"taxonomy":"category","embeddable":true,"href":"https:\/\/hgv-bordesholm.de\/index.php\/wp-json\/wp\/v2\/categories?post=660"},{"taxonomy":"post_tag","embeddable":true,"href":"https:\/\/hgv-bordesholm.de\/index.php\/wp-json\/wp\/v2\/tags?post=660"}],"curies":[{"name":"wp","href":"https:\/\/api.w.org\/{rel}","templated":true}]}}